{"id":5392,"date":"2025-03-21T15:29:09","date_gmt":"2025-03-21T15:29:09","guid":{"rendered":"https:\/\/abara2.wpenginepowered.com\/?p=5392"},"modified":"2025-06-18T01:33:55","modified_gmt":"2025-06-18T01:33:55","slug":"8-de-marzo-international-womens-day-in-ciudad-juarez-chihuahua","status":"publish","type":"post","link":"https:\/\/abara.org\/es\/8-de-marzo-international-womens-day-in-ciudad-juarez-chihuahua\/","title":{"rendered":"8 de Marzo: D\u00eda Internacional de la Mujer en Ciudad Ju\u00e1rez, Chihuahua"},"content":{"rendered":"<p style=\"font-size: 21px; letter-spacing: 0;\">La siguiente reflexi\u00f3n fue escrita por Victoria de Anda, Asistente Administrativa y de Investigaci\u00f3n de Abara, sobre la marcha anual en Ciudad Ju\u00e1rez y en todo el mundo en honor del D\u00eda Internacional de la Mujer. La solidaridad con las experiencias inenarrables de las mujeres en Ju\u00e1rez no puede separarse de nuestra b\u00fasqueda de justicia y paz en las tierras fronterizas.<\/p>\n<p>Amigos y amigas Me llamo Toya de Anda, y estoy agradecida de volver a escribirles sobre uno de mis d\u00edas favoritos del a\u00f1o.<\/p>\n<p>Mujeres de todas las edades se reunieron el s\u00e1bado 8 de marzo en el Monumento de Benito Ju\u00e1rez para protestar. Se pod\u00edan ver mujeres de diferentes edades, desde beb\u00e9s hasta mujeres mayores; todas vestidas de morado, verde o rosa. Este es el s\u00e9ptimo a\u00f1o que salgo a protestar con las mujeres de mi comunidad,<br \/>\ny cada a\u00f1o tengo una experiencia diferente (tanto f\u00edsica como emocionalmente). Este a\u00f1o se sinti\u00f3 especial porque tenemos una mujer presidente en M\u00e9xico; por lo tanto, estamos viviendo la historia.<\/p>\n<p>Aunque estas protestas se produzcan simult\u00e1neamente en todo el mundo, existe un sentimiento espec\u00edfico en las de Am\u00e9rica Latina. Hay una tristeza, frustraci\u00f3n y rabia colectivas. Esto se debe a la realidad de los numerosos asesinatos y desapariciones de mujeres en toda Am\u00e9rica Latina.<\/p>\n<p>La ciudad de Ju\u00e1rez ocupa un lugar especial en la historia de los \"feminicidios\", definidos como asesinatos de mujeres por el mero hecho de serlo. Todo empez\u00f3 con casos infames de cad\u00e1veres encontrados por toda la ciudad; casos como el de \"Campo de Algodonero\", que acapararon la atenci\u00f3n internacional.<\/p>\n<p>Hay muchas m\u00e1s historias horribles en todo M\u00e9xico de c\u00f3mo las mujeres siguen experimentando diferentes tipos de violencia en medio de una cultura \"machista\" que evoluciona constantemente. Cabe se\u00f1alar que las mujeres que se enfrentaron (y se enfrentan) a este peligro son vulnerables por el lugar donde viven, trabajan y a qui\u00e9n conocen. Las mujeres migrantes fueron especialmente atacadas porque tienen menos conexiones y apoyo social. Abara apoya una red de refugios que atienden a mujeres y hombres migrantes.<\/p>\n<style>\n  .image-row {\n    display: flex;\ngap: 1vw;\n  }\n  .image-row img {\n    max-width: 50%;\n    height: auto;\n  }\n<\/style>\n<div class=\"image-row\">\n  <img decoding=\"async\" src=\"https:\/\/abara.org\/wp-content\/uploads\/2025\/06\/Rectangle-26-4.png\" alt=\"Image 1\"><br \/>\n  <img decoding=\"async\" src=\"https:\/\/abara.org\/wp-content\/uploads\/2025\/06\/Rectangle-27-5.png\" alt=\"Image 2\">\n<\/div>\n<p>Sin embargo, cuando estoy en la protesta rodeada de las mujeres de mi comunidad, ir\u00f3nicamente, puedo sentir una sensaci\u00f3n de libertad y esperanza. La energ\u00eda es muy fuerte y no hay con qu\u00e9 compararla. Hay un deseo colectivo de llevar la justicia y la paz a nuestra ciudad; de llevar la justicia a todos aquellos que han sido v\u00edctimas de un sistema patriarcal lleno de impunidad y corrupci\u00f3n. A lo largo de la protesta, se escuchaban diferentes c\u00e1nticos que ilustraban muchas de las preocupaciones actuales con el gobierno, por ejemplo \"ni una m\u00e1s, ni una m\u00e1s, ni una asesinada m\u00e1s\", que se traduce como no m\u00e1s mujeres muertas. Ni una m\u00e1s.<\/p>\n<p>Esta particular yuxtaposici\u00f3n de emociones -sentir tristeza y a la vez esperanza- es muy com\u00fan en la frontera. Esto se debe a la capacidad de recuperaci\u00f3n que ha demostrado la comunidad a lo largo de diferentes etapas de tiempos violentos en la ciudad. Cuando alguien es asesinado o desaparece, si el gobierno no da seguimiento al caso, entonces los familiares y amigos se organizan y empiezan a hacer sus b\u00fasquedas independientes. Sin embargo, esto no es exclusivo de Ciudad Ju\u00e1rez, este tipo de organizaci\u00f3n de base se da en todo M\u00e9xico.<\/p>\n<p>As\u00ed, aunque la realidad actual en M\u00e9xico y en Am\u00e9rica Latina es dura y triste, las mujeres desafiamos constantemente al sistema y encontramos nuevas formas de llevar la paz a nuestras comunidades. Estoy segura de que si me pasa algo, las mujeres de mi comunidad saldr\u00e1n a protestar y har\u00e1n todo lo posible para que se haga justicia. Esta protesta anual es un recordatorio de que no estoy sola en este movimiento y lucha constante por lograr la paz en nuestro pa\u00eds. S\u00ed, las mujeres mexicanas estamos llenas de coraje con nuestro gobierno, pero tambi\u00e9n estamos llenas de amor y esperanza por nuestras hermanas.<\/p>\n<p>El 8 de marzo sirve para recordar que las mujeres no somos pasivas, al contrario, estamos cambiando la narrativa. M\u00e9xico no se define por la violencia, por los feminicidios, por el crimen organizado. M\u00e9xico se define por la profunda solidaridad, el arraigo familiar y la radical generosidad de su gente.<\/p>\n<p><strong>Escrito por Victoria De Anda<br \/>\nAsistente administrativa y de investigaci\u00f3n, Abara<\/strong><\/p>","protected":false},"excerpt":{"rendered":"<p>La siguiente reflexi\u00f3n fue escrita por Victoria de Anda, Asistente Administrativa y de Investigaci\u00f3n de Abara, sobre la marcha anual en Ciudad Ju\u00e1rez y en todo el mundo en honor del D\u00eda Internacional de la Mujer. La solidaridad con las experiencias inenarrables de las mujeres en Ju\u00e1rez no puede separarse de nuestra b\u00fasqueda de justicia y paz en las tierras fronterizas. Amigas y amigos Mi...<\/p>","protected":false},"author":3,"featured_media":5634,"comment_status":"closed","ping_status":"open","sticky":false,"template":"","format":"standard","meta":{"_acf_changed":false,"_monsterinsights_skip_tracking":false,"_monsterinsights_sitenote_active":false,"_monsterinsights_sitenote_note":"","_monsterinsights_sitenote_category":0,"footnotes":""},"categories":[1],"tags":[],"class_list":["post-5392","post","type-post","status-publish","format-standard","has-post-thumbnail","hentry","category-news-and-updates"],"acf":[],"yoast_head":"<!-- This site is optimized with the Yoast SEO plugin v27.4 - https:\/\/yoast.com\/product\/yoast-seo-wordpress\/ -->\n<title>8 de Marzo: International Women\u2019s Day in Ciudad Ju\u00e1rez, Chihuahua - Abara<\/title>\n<meta name=\"robots\" content=\"index, follow, max-snippet:-1, max-image-preview:large, max-video-preview:-1\" \/>\n<link rel=\"canonical\" href=\"https:\/\/abara.org\/es\/8-de-marzo-international-womens-day-in-ciudad-juarez-chihuahua\/\" \/>\n<meta property=\"og:locale\" content=\"es_MX\" \/>\n<meta property=\"og:type\" content=\"article\" \/>\n<meta property=\"og:title\" content=\"8 de Marzo: International Women\u2019s Day in Ciudad Ju\u00e1rez, Chihuahua - Abara\" \/>\n<meta property=\"og:description\" content=\"The following reflection was written by Victoria de Anda, Abara\u2019s Administrative and Research Assistant, about the annual march in Ciudad Ju\u00e1rez and around the world in honor of International Women\u2019s Day. Solidarity with the unspeakable experiences of women in Juarez cannot be separated from our pursuit of justice and peace in the borderlands. Friends! My&hellip;\" \/>\n<meta property=\"og:url\" content=\"https:\/\/abara.org\/es\/8-de-marzo-international-womens-day-in-ciudad-juarez-chihuahua\/\" \/>\n<meta property=\"og:site_name\" content=\"Abara\" \/>\n<meta property=\"article:published_time\" content=\"2025-03-21T15:29:09+00:00\" \/>\n<meta property=\"article:modified_time\" content=\"2025-06-18T01:33:55+00:00\" \/>\n<meta property=\"og:image\" content=\"https:\/\/abara.org\/wp-content\/uploads\/2025\/03\/Rectangle-25-12-e1751587092384.png\" \/>\n\t<meta property=\"og:image:width\" content=\"850\" \/>\n\t<meta property=\"og:image:height\" content=\"453\" \/>\n\t<meta property=\"og:image:type\" content=\"image\/png\" \/>\n<meta name=\"author\" content=\"Bill Cummings\" \/>\n<meta name=\"twitter:card\" content=\"summary_large_image\" \/>\n<meta name=\"twitter:label1\" content=\"Escrito por\" \/>\n\t<meta name=\"twitter:data1\" content=\"Bill Cummings\" \/>\n\t<meta name=\"twitter:label2\" content=\"Tiempo de lectura\" \/>\n\t<meta name=\"twitter:data2\" content=\"4 minutos\" \/>\n<script type=\"application\/ld+json\" class=\"yoast-schema-graph\">{\"@context\":\"https:\\\/\\\/schema.org\",\"@graph\":[{\"@type\":\"Article\",\"@id\":\"https:\\\/\\\/abara.org\\\/es\\\/8-de-marzo-international-womens-day-in-ciudad-juarez-chihuahua\\\/#article\",\"isPartOf\":{\"@id\":\"https:\\\/\\\/abara.org\\\/es\\\/8-de-marzo-international-womens-day-in-ciudad-juarez-chihuahua\\\/\"},\"author\":{\"name\":\"Bill Cummings\",\"@id\":\"https:\\\/\\\/abara.org\\\/#\\\/schema\\\/person\\\/eb44e2165e913f6a33994857cce1ae82\"},\"headline\":\"8 de Marzo: International Women\u2019s Day in Ciudad Ju\u00e1rez, Chihuahua\",\"datePublished\":\"2025-03-21T15:29:09+00:00\",\"dateModified\":\"2025-06-18T01:33:55+00:00\",\"mainEntityOfPage\":{\"@id\":\"https:\\\/\\\/abara.org\\\/es\\\/8-de-marzo-international-womens-day-in-ciudad-juarez-chihuahua\\\/\"},\"wordCount\":698,\"image\":{\"@id\":\"https:\\\/\\\/abara.org\\\/es\\\/8-de-marzo-international-womens-day-in-ciudad-juarez-chihuahua\\\/#primaryimage\"},\"thumbnailUrl\":\"https:\\\/\\\/abara.org\\\/wp-content\\\/uploads\\\/2025\\\/03\\\/Rectangle-25-12-e1751587092384.png\",\"articleSection\":[\"News and Updates\"],\"inLanguage\":\"es\"},{\"@type\":\"WebPage\",\"@id\":\"https:\\\/\\\/abara.org\\\/es\\\/8-de-marzo-international-womens-day-in-ciudad-juarez-chihuahua\\\/\",\"url\":\"https:\\\/\\\/abara.org\\\/es\\\/8-de-marzo-international-womens-day-in-ciudad-juarez-chihuahua\\\/\",\"name\":\"8 de Marzo: International Women\u2019s Day in Ciudad Ju\u00e1rez, Chihuahua - Abara\",\"isPartOf\":{\"@id\":\"https:\\\/\\\/abara.org\\\/#website\"},\"primaryImageOfPage\":{\"@id\":\"https:\\\/\\\/abara.org\\\/es\\\/8-de-marzo-international-womens-day-in-ciudad-juarez-chihuahua\\\/#primaryimage\"},\"image\":{\"@id\":\"https:\\\/\\\/abara.org\\\/es\\\/8-de-marzo-international-womens-day-in-ciudad-juarez-chihuahua\\\/#primaryimage\"},\"thumbnailUrl\":\"https:\\\/\\\/abara.org\\\/wp-content\\\/uploads\\\/2025\\\/03\\\/Rectangle-25-12-e1751587092384.png\",\"datePublished\":\"2025-03-21T15:29:09+00:00\",\"dateModified\":\"2025-06-18T01:33:55+00:00\",\"author\":{\"@id\":\"https:\\\/\\\/abara.org\\\/#\\\/schema\\\/person\\\/eb44e2165e913f6a33994857cce1ae82\"},\"breadcrumb\":{\"@id\":\"https:\\\/\\\/abara.org\\\/es\\\/8-de-marzo-international-womens-day-in-ciudad-juarez-chihuahua\\\/#breadcrumb\"},\"inLanguage\":\"es\",\"potentialAction\":[{\"@type\":\"ReadAction\",\"target\":[\"https:\\\/\\\/abara.org\\\/es\\\/8-de-marzo-international-womens-day-in-ciudad-juarez-chihuahua\\\/\"]}]},{\"@type\":\"ImageObject\",\"inLanguage\":\"es\",\"@id\":\"https:\\\/\\\/abara.org\\\/es\\\/8-de-marzo-international-womens-day-in-ciudad-juarez-chihuahua\\\/#primaryimage\",\"url\":\"https:\\\/\\\/abara.org\\\/wp-content\\\/uploads\\\/2025\\\/03\\\/Rectangle-25-12-e1751587092384.png\",\"contentUrl\":\"https:\\\/\\\/abara.org\\\/wp-content\\\/uploads\\\/2025\\\/03\\\/Rectangle-25-12-e1751587092384.png\",\"width\":850,\"height\":453},{\"@type\":\"BreadcrumbList\",\"@id\":\"https:\\\/\\\/abara.org\\\/es\\\/8-de-marzo-international-womens-day-in-ciudad-juarez-chihuahua\\\/#breadcrumb\",\"itemListElement\":[{\"@type\":\"ListItem\",\"position\":1,\"name\":\"Home\",\"item\":\"https:\\\/\\\/abara.org\\\/\"},{\"@type\":\"ListItem\",\"position\":2,\"name\":\"8 de Marzo: International Women\u2019s Day in Ciudad Ju\u00e1rez, Chihuahua\"}]},{\"@type\":\"WebSite\",\"@id\":\"https:\\\/\\\/abara.org\\\/#website\",\"url\":\"https:\\\/\\\/abara.org\\\/\",\"name\":\"Abara\",\"description\":\"Belonging Beyond Borders in El Paso, TX\",\"potentialAction\":[{\"@type\":\"SearchAction\",\"target\":{\"@type\":\"EntryPoint\",\"urlTemplate\":\"https:\\\/\\\/abara.org\\\/?s={search_term_string}\"},\"query-input\":{\"@type\":\"PropertyValueSpecification\",\"valueRequired\":true,\"valueName\":\"search_term_string\"}}],\"inLanguage\":\"es\"},{\"@type\":\"Person\",\"@id\":\"https:\\\/\\\/abara.org\\\/#\\\/schema\\\/person\\\/eb44e2165e913f6a33994857cce1ae82\",\"name\":\"Bill Cummings\",\"image\":{\"@type\":\"ImageObject\",\"inLanguage\":\"es\",\"@id\":\"https:\\\/\\\/secure.gravatar.com\\\/avatar\\\/6782478100e189a7e13ce0d49a72f89c2fed1ed87e4ba693b23ce93ce4010762?s=96&d=mm&r=g\",\"url\":\"https:\\\/\\\/secure.gravatar.com\\\/avatar\\\/6782478100e189a7e13ce0d49a72f89c2fed1ed87e4ba693b23ce93ce4010762?s=96&d=mm&r=g\",\"contentUrl\":\"https:\\\/\\\/secure.gravatar.com\\\/avatar\\\/6782478100e189a7e13ce0d49a72f89c2fed1ed87e4ba693b23ce93ce4010762?s=96&d=mm&r=g\",\"caption\":\"Bill Cummings\"},\"url\":\"https:\\\/\\\/abara.org\\\/es\\\/author\\\/billmeetliminal-com\\\/\"}]}<\/script>\n<!-- \/ Yoast SEO plugin. -->","yoast_head_json":{"title":"8 de Marzo: International Women\u2019s Day in Ciudad Ju\u00e1rez, Chihuahua - Abara","robots":{"index":"index","follow":"follow","max-snippet":"max-snippet:-1","max-image-preview":"max-image-preview:large","max-video-preview":"max-video-preview:-1"},"canonical":"https:\/\/abara.org\/es\/8-de-marzo-international-womens-day-in-ciudad-juarez-chihuahua\/","og_locale":"es_MX","og_type":"article","og_title":"8 de Marzo: International Women\u2019s Day in Ciudad Ju\u00e1rez, Chihuahua - Abara","og_description":"The following reflection was written by Victoria de Anda, Abara\u2019s Administrative and Research Assistant, about the annual march in Ciudad Ju\u00e1rez and around the world in honor of International Women\u2019s Day. Solidarity with the unspeakable experiences of women in Juarez cannot be separated from our pursuit of justice and peace in the borderlands. Friends! My&hellip;","og_url":"https:\/\/abara.org\/es\/8-de-marzo-international-womens-day-in-ciudad-juarez-chihuahua\/","og_site_name":"Abara","article_published_time":"2025-03-21T15:29:09+00:00","article_modified_time":"2025-06-18T01:33:55+00:00","og_image":[{"width":850,"height":453,"url":"https:\/\/abara.org\/wp-content\/uploads\/2025\/03\/Rectangle-25-12-e1751587092384.png","type":"image\/png"}],"author":"Bill Cummings","twitter_card":"summary_large_image","twitter_misc":{"Escrito por":"Bill Cummings","Tiempo de lectura":"4 minutos"},"schema":{"@context":"https:\/\/schema.org","@graph":[{"@type":"Article","@id":"https:\/\/abara.org\/es\/8-de-marzo-international-womens-day-in-ciudad-juarez-chihuahua\/#article","isPartOf":{"@id":"https:\/\/abara.org\/es\/8-de-marzo-international-womens-day-in-ciudad-juarez-chihuahua\/"},"author":{"name":"Bill Cummings","@id":"https:\/\/abara.org\/#\/schema\/person\/eb44e2165e913f6a33994857cce1ae82"},"headline":"8 de Marzo: International Women\u2019s Day in Ciudad Ju\u00e1rez, Chihuahua","datePublished":"2025-03-21T15:29:09+00:00","dateModified":"2025-06-18T01:33:55+00:00","mainEntityOfPage":{"@id":"https:\/\/abara.org\/es\/8-de-marzo-international-womens-day-in-ciudad-juarez-chihuahua\/"},"wordCount":698,"image":{"@id":"https:\/\/abara.org\/es\/8-de-marzo-international-womens-day-in-ciudad-juarez-chihuahua\/#primaryimage"},"thumbnailUrl":"https:\/\/abara.org\/wp-content\/uploads\/2025\/03\/Rectangle-25-12-e1751587092384.png","articleSection":["News and Updates"],"inLanguage":"es"},{"@type":"WebPage","@id":"https:\/\/abara.org\/es\/8-de-marzo-international-womens-day-in-ciudad-juarez-chihuahua\/","url":"https:\/\/abara.org\/es\/8-de-marzo-international-womens-day-in-ciudad-juarez-chihuahua\/","name":"8 de Marzo: International Women\u2019s Day in Ciudad Ju\u00e1rez, Chihuahua - Abara","isPartOf":{"@id":"https:\/\/abara.org\/#website"},"primaryImageOfPage":{"@id":"https:\/\/abara.org\/es\/8-de-marzo-international-womens-day-in-ciudad-juarez-chihuahua\/#primaryimage"},"image":{"@id":"https:\/\/abara.org\/es\/8-de-marzo-international-womens-day-in-ciudad-juarez-chihuahua\/#primaryimage"},"thumbnailUrl":"https:\/\/abara.org\/wp-content\/uploads\/2025\/03\/Rectangle-25-12-e1751587092384.png","datePublished":"2025-03-21T15:29:09+00:00","dateModified":"2025-06-18T01:33:55+00:00","author":{"@id":"https:\/\/abara.org\/#\/schema\/person\/eb44e2165e913f6a33994857cce1ae82"},"breadcrumb":{"@id":"https:\/\/abara.org\/es\/8-de-marzo-international-womens-day-in-ciudad-juarez-chihuahua\/#breadcrumb"},"inLanguage":"es","potentialAction":[{"@type":"ReadAction","target":["https:\/\/abara.org\/es\/8-de-marzo-international-womens-day-in-ciudad-juarez-chihuahua\/"]}]},{"@type":"ImageObject","inLanguage":"es","@id":"https:\/\/abara.org\/es\/8-de-marzo-international-womens-day-in-ciudad-juarez-chihuahua\/#primaryimage","url":"https:\/\/abara.org\/wp-content\/uploads\/2025\/03\/Rectangle-25-12-e1751587092384.png","contentUrl":"https:\/\/abara.org\/wp-content\/uploads\/2025\/03\/Rectangle-25-12-e1751587092384.png","width":850,"height":453},{"@type":"BreadcrumbList","@id":"https:\/\/abara.org\/es\/8-de-marzo-international-womens-day-in-ciudad-juarez-chihuahua\/#breadcrumb","itemListElement":[{"@type":"ListItem","position":1,"name":"Home","item":"https:\/\/abara.org\/"},{"@type":"ListItem","position":2,"name":"8 de Marzo: International Women\u2019s Day in Ciudad Ju\u00e1rez, Chihuahua"}]},{"@type":"WebSite","@id":"https:\/\/abara.org\/#website","url":"https:\/\/abara.org\/","name":"Abara","description":"Pertenecer m\u00e1s all\u00e1 de las fronteras en El Paso, TX","potentialAction":[{"@type":"SearchAction","target":{"@type":"EntryPoint","urlTemplate":"https:\/\/abara.org\/?s={search_term_string}"},"query-input":{"@type":"PropertyValueSpecification","valueRequired":true,"valueName":"search_term_string"}}],"inLanguage":"es"},{"@type":"Person","@id":"https:\/\/abara.org\/#\/schema\/person\/eb44e2165e913f6a33994857cce1ae82","name":"Bill Cummings","image":{"@type":"ImageObject","inLanguage":"es","@id":"https:\/\/secure.gravatar.com\/avatar\/6782478100e189a7e13ce0d49a72f89c2fed1ed87e4ba693b23ce93ce4010762?s=96&d=mm&r=g","url":"https:\/\/secure.gravatar.com\/avatar\/6782478100e189a7e13ce0d49a72f89c2fed1ed87e4ba693b23ce93ce4010762?s=96&d=mm&r=g","contentUrl":"https:\/\/secure.gravatar.com\/avatar\/6782478100e189a7e13ce0d49a72f89c2fed1ed87e4ba693b23ce93ce4010762?s=96&d=mm&r=g","caption":"Bill Cummings"},"url":"https:\/\/abara.org\/es\/author\/billmeetliminal-com\/"}]}},"_links":{"self":[{"href":"https:\/\/abara.org\/es\/wp-json\/wp\/v2\/posts\/5392","targetHints":{"allow":["GET"]}}],"collection":[{"href":"https:\/\/abara.org\/es\/wp-json\/wp\/v2\/posts"}],"about":[{"href":"https:\/\/abara.org\/es\/wp-json\/wp\/v2\/types\/post"}],"author":[{"embeddable":true,"href":"https:\/\/abara.org\/es\/wp-json\/wp\/v2\/users\/3"}],"replies":[{"embeddable":true,"href":"https:\/\/abara.org\/es\/wp-json\/wp\/v2\/comments?post=5392"}],"version-history":[{"count":0,"href":"https:\/\/abara.org\/es\/wp-json\/wp\/v2\/posts\/5392\/revisions"}],"wp:featuredmedia":[{"embeddable":true,"href":"https:\/\/abara.org\/es\/wp-json\/wp\/v2\/media\/5634"}],"wp:attachment":[{"href":"https:\/\/abara.org\/es\/wp-json\/wp\/v2\/media?parent=5392"}],"wp:term":[{"taxonomy":"category","embeddable":true,"href":"https:\/\/abara.org\/es\/wp-json\/wp\/v2\/categories?post=5392"},{"taxonomy":"post_tag","embeddable":true,"href":"https:\/\/abara.org\/es\/wp-json\/wp\/v2\/tags?post=5392"}],"curies":[{"name":"wp","href":"https:\/\/api.w.org\/{rel}","templated":true}]}}